{"id":956,"date":"2019-06-20T11:42:50","date_gmt":"2019-06-20T09:42:50","guid":{"rendered":"http:\/\/cdafal68.eu\/?p=956"},"modified":"2019-06-20T11:43:36","modified_gmt":"2019-06-20T09:43:36","slug":"collectif-zero-sdf","status":"publish","type":"post","link":"https:\/\/cdafal68.eu\/index.php\/2019\/06\/20\/collectif-zero-sdf\/","title":{"rendered":"Collectif Z\u00e9ro SDF"},"content":{"rendered":"\n<p>Un appel de maires s&rsquo;engageant \u00e0 s&rsquo;opposer aux expulsions va \u00eatre \u00e9labor\u00e9. Il s&rsquo;agirait de le faire signer au plus tard en octobre. Martine Aubry, Maire de Lille est partante ainsi que d&rsquo;autres maires. El\u00e9ments de CR &#8211; r\u00e9union lilloise du 29 mai : Un document \u00a0\u00bb Un toit pour chacun\u00a0\u00bb (ou \u00ab\u00a0un logement pour tous\u00a0\u00bb? ) pourrait : 1) &#8211; rappeler la situation intol\u00e9rable des SDF &#8211; exiger que soit respect\u00e9 le droit fondamental de tout individu quels que soient son origine et son statut, \u00e0 avoir un logement, un toit. &#8211; rappeler l\u2019engagement de nombreuses municipalit\u00e9s qui tentent de r\u00e9soudre, au plus pr\u00e8s des r\u00e9alit\u00e9s concr\u00e8tes, le probl\u00e8me des Sans logis constitu\u00e9s de populations h\u00e9t\u00e9rog\u00e8nes : migrants, roms, demandeurs d\u2019asile, personnes hors syst\u00e8me, personnes ayant perdu emplois, famille, etc.. &#8211; la conviction des maires : malgr\u00e9 la r\u00e9ussite de ces nombreuses actions municipales et associatives, la situation, d\u2019une extr\u00eame gravit\u00e9 n\u00e9cessite la mise en place de mesures \u00e0 court et moyen terme, de budgets sp\u00e9cifiques, expression d\u2019une d\u00e9termination politique des pouvoirs publics\u2026 2) les mesures envisageables (\u00e0 pr\u00e9ciser\u2026) &#8211; arr\u00eat\u00e9s anti expulsions pour les personnes \u00e9ligibles \u00e0 la loi DALO &#8211; arr\u00eat\u00e9s de r\u00e9quisition d\u2019immeubles collectifs &#8211; identification et mise sur le march\u00e9 des logements vacants (\u00e0 co\u00fbts mod\u00e9r\u00e9s) -mise aux normes et r\u00e9habilitation des logements insalubres &#8211; plan de construction rapide de logements \u00e0 bas co\u00fbts -\u00e9quipes d\u2019accompagnement \u00e0 composantes juridiques, sociales, m\u00e9dicales, aide \u00e0 l\u2019insertion et \u00e0 l\u2019emploi &#8211; une ligne budg\u00e9taire, une enveloppe Ad hoc affich\u00e9e dans les budgets municipaux, d\u00e9partementaux, national (Julien de Normandie et son plan pauvret\u00e9.) (R\u00e9fl\u00e9chir \u00e0 la strat\u00e9gie : Comment les maires peuvent-ils faire pression sur l\u2019Etat ? Demander des aides sp\u00e9cifiques au d\u00e9partement pour le social ? \u00e0 l\u2019Etat pour les b\u00e2timents ? aux riches (industries de luxe en particulier.) ? Par ailleurs, nous avons insist\u00e9 sur : &#8211; la n\u00e9cessit\u00e9 d\u2019\u00e9largir notre action \u00e0 la Fondation Abb\u00e9 Pierre, le Secours catholique, la CFDT, etc\u2026 &#8211; la participation de Nathalie Godard \u00e0 notre Comit\u00e9 des 4. &#8211; les people : ne pas oublier Blanche Gardin, Corinne Masero, trouver les artistes, les personnalit\u00e9s pr\u00eates \u00e0 incarner notre action, les personnalit\u00e9s que peut solliciter Martine Aubry &#8211; la possibilit\u00e9 de faire une campagne sur les r\u00e9seaux sociaux (cf rencontrer Benoit Thieulin) &#8211; le calendrier : *2 juillet : r\u00e9union des maires int\u00e9ress\u00e9s *octobre : nouvelle tribune dans le Monde *d\u00e9but novembre : Assises th\u00e9\u00e2tre du Rond-point (en attente de propositions de dates du Rond-point . Si pas possible retour vers La Colline et demande de la grande salle.)<\/p>\n","protected":false},"excerpt":{"rendered":"<p>Un appel de maires s&rsquo;engageant \u00e0 s&rsquo;opposer aux expulsions va \u00eatre \u00e9labor\u00e9. Il s&rsquo;agirait de le faire signer au plus tard en octobre. Martine Aubry, Maire de Lille est partante ainsi que d&rsquo;autres maires. El\u00e9ments de CR &#8211; r\u00e9union lilloise du 29 mai : Un document \u00a0\u00bb Un toit pour chacun\u00a0\u00bb (ou \u00ab\u00a0un logement pour [&hellip;]<\/p>\n","protected":false},"author":2,"featured_media":957,"comment_status":"open","ping_status":"open","sticky":false,"template":"","format":"standard","meta":{"footnotes":""},"categories":[8],"tags":[],"_links":{"self":[{"href":"https:\/\/cdafal68.eu\/index.php\/wp-json\/wp\/v2\/posts\/956"}],"collection":[{"href":"https:\/\/cdafal68.eu\/index.php\/wp-json\/wp\/v2\/posts"}],"about":[{"href":"https:\/\/cdafal68.eu\/index.php\/wp-json\/wp\/v2\/types\/post"}],"author":[{"embeddable":true,"href":"https:\/\/cdafal68.eu\/index.php\/wp-json\/wp\/v2\/users\/2"}],"replies":[{"embeddable":true,"href":"https:\/\/cdafal68.eu\/index.php\/wp-json\/wp\/v2\/comments?post=956"}],"version-history":[{"count":1,"href":"https:\/\/cdafal68.eu\/index.php\/wp-json\/wp\/v2\/posts\/956\/revisions"}],"predecessor-version":[{"id":958,"href":"https:\/\/cdafal68.eu\/index.php\/wp-json\/wp\/v2\/posts\/956\/revisions\/958"}],"wp:featuredmedia":[{"embeddable":true,"href":"https:\/\/cdafal68.eu\/index.php\/wp-json\/wp\/v2\/media\/957"}],"wp:attachment":[{"href":"https:\/\/cdafal68.eu\/index.php\/wp-json\/wp\/v2\/media?parent=956"}],"wp:term":[{"taxonomy":"category","embeddable":true,"href":"https:\/\/cdafal68.eu\/index.php\/wp-json\/wp\/v2\/categories?post=956"},{"taxonomy":"post_tag","embeddable":true,"href":"https:\/\/cdafal68.eu\/index.php\/wp-json\/wp\/v2\/tags?post=956"}],"curies":[{"name":"wp","href":"https:\/\/api.w.org\/{rel}","templated":true}]}}