{"id":2161,"date":"2022-02-08T15:11:55","date_gmt":"2022-02-08T14:11:55","guid":{"rendered":"http:\/\/cdafal68.eu\/?p=2161"},"modified":"2022-02-08T15:11:55","modified_gmt":"2022-02-08T14:11:55","slug":"activite-partielle-3","status":"publish","type":"post","link":"https:\/\/cdafal68.eu\/index.php\/2022\/02\/08\/activite-partielle-3\/","title":{"rendered":"Activit\u00e9 partielle"},"content":{"rendered":"\n<p>Les salari\u00e9s dont les entreprises ont \u00e9t\u00e9 s\u00e9rieusement touch\u00e9es par la pand\u00e9mie, vont toucher leurs indemnit\u00e9s d\u2019activit\u00e9 partielle, jusqu\u2019\u00e0 la fin de f\u00e9vrier 2022. Il est \u00e0 noter que la mise en activit\u00e9 partielle n\u2019entra\u00eene pas une modification du contrat de travail.<\/p>\n\n\n\n<p><a href=\"https:\/\/travail-emploi.gouv.fr\/le-ministere-en-action\/coronavirus-covid-19\/poursuite-de-l-activite-en-periode-de-covid-19\/chomage-partiel-activite-partielle\/article\/fiche-activite-partielle-chomage-partiel#10\">Fiche Activit\u00e9 partielle &#8211; ch\u00f4mage partiel &#8211; Minist\u00e8re du Travail, de l&rsquo;Emploi et de l&rsquo;Insertion (travail-emploi.gouv.fr)<\/a><\/p>\n","protected":false},"excerpt":{"rendered":"<p>Les salari\u00e9s dont les entreprises ont \u00e9t\u00e9 s\u00e9rieusement touch\u00e9es par la pand\u00e9mie, vont toucher leurs indemnit\u00e9s d\u2019activit\u00e9 partielle, jusqu\u2019\u00e0 la fin de f\u00e9vrier 2022. Il est \u00e0 noter que la mise en activit\u00e9 partielle n\u2019entra\u00eene pas une modification du contrat de travail. Fiche Activit\u00e9 partielle &#8211; ch\u00f4mage partiel &#8211; Minist\u00e8re du Travail, de l&rsquo;Emploi et [&hellip;]<\/p>\n","protected":false},"author":2,"featured_media":2162,"comment_status":"open","ping_status":"open","sticky":false,"template":"","format":"standard","meta":{"footnotes":""},"categories":[9],"tags":[],"_links":{"self":[{"href":"https:\/\/cdafal68.eu\/index.php\/wp-json\/wp\/v2\/posts\/2161"}],"collection":[{"href":"https:\/\/cdafal68.eu\/index.php\/wp-json\/wp\/v2\/posts"}],"about":[{"href":"https:\/\/cdafal68.eu\/index.php\/wp-json\/wp\/v2\/types\/post"}],"author":[{"embeddable":true,"href":"https:\/\/cdafal68.eu\/index.php\/wp-json\/wp\/v2\/users\/2"}],"replies":[{"embeddable":true,"href":"https:\/\/cdafal68.eu\/index.php\/wp-json\/wp\/v2\/comments?post=2161"}],"version-history":[{"count":1,"href":"https:\/\/cdafal68.eu\/index.php\/wp-json\/wp\/v2\/posts\/2161\/revisions"}],"predecessor-version":[{"id":2163,"href":"https:\/\/cdafal68.eu\/index.php\/wp-json\/wp\/v2\/posts\/2161\/revisions\/2163"}],"wp:featuredmedia":[{"embeddable":true,"href":"https:\/\/cdafal68.eu\/index.php\/wp-json\/wp\/v2\/media\/2162"}],"wp:attachment":[{"href":"https:\/\/cdafal68.eu\/index.php\/wp-json\/wp\/v2\/media?parent=2161"}],"wp:term":[{"taxonomy":"category","embeddable":true,"href":"https:\/\/cdafal68.eu\/index.php\/wp-json\/wp\/v2\/categories?post=2161"},{"taxonomy":"post_tag","embeddable":true,"href":"https:\/\/cdafal68.eu\/index.php\/wp-json\/wp\/v2\/tags?post=2161"}],"curies":[{"name":"wp","href":"https:\/\/api.w.org\/{rel}","templated":true}]}}