{"id":1882,"date":"2021-06-01T10:52:06","date_gmt":"2021-06-01T08:52:06","guid":{"rendered":"http:\/\/cdafal68.eu\/?p=1882"},"modified":"2021-06-01T10:52:06","modified_gmt":"2021-06-01T08:52:06","slug":"retraite","status":"publish","type":"post","link":"https:\/\/cdafal68.eu\/index.php\/2021\/06\/01\/retraite\/","title":{"rendered":"Retraite"},"content":{"rendered":"\n<p>Les p\u00e9riodes du ch\u00f4mage partiel, engendr\u00e9 par la pand\u00e9mie, seront pris en compte dans le calcul des droits \u00e0  retraite.<\/p>\n\n\n\n<p><a href=\"https:\/\/travail-emploi.gouv.fr\/actualites\/presse\/communiques-de-presse\/article\/retraite-prise-en-compte-des-periodes-d-activite-partielle-dans-l-acquisition\">Retraite : prise en compte des p\u00e9riodes d&rsquo;activit\u00e9 partielle dans l&rsquo;acquisition de droits &#8211; Minist\u00e8re du Travail, de l&rsquo;Emploi et de l&rsquo;Insertion (travail-emploi.gouv.fr)<\/a><\/p>\n","protected":false},"excerpt":{"rendered":"<p>Les p\u00e9riodes du ch\u00f4mage partiel, engendr\u00e9 par la pand\u00e9mie, seront pris en compte dans le calcul des droits \u00e0 retraite. Retraite : prise en compte des p\u00e9riodes d&rsquo;activit\u00e9 partielle dans l&rsquo;acquisition de droits &#8211; Minist\u00e8re du Travail, de l&rsquo;Emploi et de l&rsquo;Insertion (travail-emploi.gouv.fr)<\/p>\n","protected":false},"author":2,"featured_media":1883,"comment_status":"open","ping_status":"open","sticky":false,"template":"","format":"standard","meta":{"footnotes":""},"categories":[4,9,7],"tags":[],"_links":{"self":[{"href":"https:\/\/cdafal68.eu\/index.php\/wp-json\/wp\/v2\/posts\/1882"}],"collection":[{"href":"https:\/\/cdafal68.eu\/index.php\/wp-json\/wp\/v2\/posts"}],"about":[{"href":"https:\/\/cdafal68.eu\/index.php\/wp-json\/wp\/v2\/types\/post"}],"author":[{"embeddable":true,"href":"https:\/\/cdafal68.eu\/index.php\/wp-json\/wp\/v2\/users\/2"}],"replies":[{"embeddable":true,"href":"https:\/\/cdafal68.eu\/index.php\/wp-json\/wp\/v2\/comments?post=1882"}],"version-history":[{"count":1,"href":"https:\/\/cdafal68.eu\/index.php\/wp-json\/wp\/v2\/posts\/1882\/revisions"}],"predecessor-version":[{"id":1884,"href":"https:\/\/cdafal68.eu\/index.php\/wp-json\/wp\/v2\/posts\/1882\/revisions\/1884"}],"wp:featuredmedia":[{"embeddable":true,"href":"https:\/\/cdafal68.eu\/index.php\/wp-json\/wp\/v2\/media\/1883"}],"wp:attachment":[{"href":"https:\/\/cdafal68.eu\/index.php\/wp-json\/wp\/v2\/media?parent=1882"}],"wp:term":[{"taxonomy":"category","embeddable":true,"href":"https:\/\/cdafal68.eu\/index.php\/wp-json\/wp\/v2\/categories?post=1882"},{"taxonomy":"post_tag","embeddable":true,"href":"https:\/\/cdafal68.eu\/index.php\/wp-json\/wp\/v2\/tags?post=1882"}],"curies":[{"name":"wp","href":"https:\/\/api.w.org\/{rel}","templated":true}]}}