{"id":1704,"date":"2021-02-19T15:53:45","date_gmt":"2021-02-19T14:53:45","guid":{"rendered":"http:\/\/cdafal68.eu\/?p=1704"},"modified":"2021-02-19T15:53:45","modified_gmt":"2021-02-19T14:53:45","slug":"teletravail","status":"publish","type":"post","link":"https:\/\/cdafal68.eu\/index.php\/2021\/02\/19\/teletravail\/","title":{"rendered":"T\u00e9l\u00e9travail"},"content":{"rendered":"\n<p>Le Parlement europ\u00e9en a statu\u00e9 sur les conditions de la pratique du t\u00e9l\u00e9travail et revendique \u00ab le droit \u00e0 la d\u00e9connexion \u00bb.<\/p>\n\n\n\n<p><a href=\"https:\/\/www.ilo.org\/wcmsp5\/groups\/public\/---ed_protect\/---protrav\/documents\/publication\/wcms_765897.pdf\">wcms_765897.pdf (ilo.org)<\/a><\/p>\n","protected":false},"excerpt":{"rendered":"<p>Le Parlement europ\u00e9en a statu\u00e9 sur les conditions de la pratique du t\u00e9l\u00e9travail et revendique \u00ab le droit \u00e0 la d\u00e9connexion \u00bb. wcms_765897.pdf (ilo.org)<\/p>\n","protected":false},"author":2,"featured_media":1705,"comment_status":"open","ping_status":"open","sticky":false,"template":"","format":"standard","meta":{"footnotes":""},"categories":[4,9],"tags":[],"_links":{"self":[{"href":"https:\/\/cdafal68.eu\/index.php\/wp-json\/wp\/v2\/posts\/1704"}],"collection":[{"href":"https:\/\/cdafal68.eu\/index.php\/wp-json\/wp\/v2\/posts"}],"about":[{"href":"https:\/\/cdafal68.eu\/index.php\/wp-json\/wp\/v2\/types\/post"}],"author":[{"embeddable":true,"href":"https:\/\/cdafal68.eu\/index.php\/wp-json\/wp\/v2\/users\/2"}],"replies":[{"embeddable":true,"href":"https:\/\/cdafal68.eu\/index.php\/wp-json\/wp\/v2\/comments?post=1704"}],"version-history":[{"count":1,"href":"https:\/\/cdafal68.eu\/index.php\/wp-json\/wp\/v2\/posts\/1704\/revisions"}],"predecessor-version":[{"id":1706,"href":"https:\/\/cdafal68.eu\/index.php\/wp-json\/wp\/v2\/posts\/1704\/revisions\/1706"}],"wp:featuredmedia":[{"embeddable":true,"href":"https:\/\/cdafal68.eu\/index.php\/wp-json\/wp\/v2\/media\/1705"}],"wp:attachment":[{"href":"https:\/\/cdafal68.eu\/index.php\/wp-json\/wp\/v2\/media?parent=1704"}],"wp:term":[{"taxonomy":"category","embeddable":true,"href":"https:\/\/cdafal68.eu\/index.php\/wp-json\/wp\/v2\/categories?post=1704"},{"taxonomy":"post_tag","embeddable":true,"href":"https:\/\/cdafal68.eu\/index.php\/wp-json\/wp\/v2\/tags?post=1704"}],"curies":[{"name":"wp","href":"https:\/\/api.w.org\/{rel}","templated":true}]}}