{"id":1301,"date":"2020-05-29T09:43:50","date_gmt":"2020-05-29T07:43:50","guid":{"rendered":"http:\/\/cdafal68.eu\/?p=1301"},"modified":"2020-05-29T09:43:50","modified_gmt":"2020-05-29T07:43:50","slug":"tarifs-reglementes","status":"publish","type":"post","link":"https:\/\/cdafal68.eu\/index.php\/2020\/05\/29\/tarifs-reglementes\/","title":{"rendered":"Tarifs r\u00e8glement\u00e9s"},"content":{"rendered":"\n<p> Le M\u00e9diateur national de l&rsquo;\u00e9nergie (MNE) et la Commission de r\u00e9gulation d&rsquo;\u00e9nergie (CRE) se mobilisent, \u00e0 travers divers supports, pour vous expliquer la fin des tarifs r\u00e9glement\u00e9s.<\/p>\n\n\n\n<figure class=\"wp-block-embed-wordpress wp-block-embed is-type-wp-embed is-provider-site-du-mediateur-national-de-l-039-energie\"><div class=\"wp-block-embed__wrapper\">\n<blockquote class=\"wp-embedded-content\" data-secret=\"GS9wy5JDDw\"><a href=\"https:\/\/www.energie-mediateur.fr\/professionnels-le-mediateur-et-la-cre-sassocient-pour-vous-expliquer-la-fin-des-tarifs-reglementes-de-vente-et-les-demarches-a-effectuer\/\">Professionnels, le m\u00e9diateur et la CRE s&rsquo;associent pour vous expliquer la fin des tarifs r\u00e9glement\u00e9s de vente et les d\u00e9marches \u00e0 effectuer<\/a><\/blockquote><iframe title=\"\u00ab\u00a0Professionnels, le m\u00e9diateur et la CRE s&rsquo;associent pour vous expliquer la fin des tarifs r\u00e9glement\u00e9s de vente et les d\u00e9marches \u00e0 effectuer\u00a0\u00bb &#8212; Site du m\u00e9diateur national de l&#039;\u00e9nergie\" class=\"wp-embedded-content\" sandbox=\"allow-scripts\" security=\"restricted\" style=\"position: absolute; clip: rect(1px, 1px, 1px, 1px);\" src=\"https:\/\/www.energie-mediateur.fr\/professionnels-le-mediateur-et-la-cre-sassocient-pour-vous-expliquer-la-fin-des-tarifs-reglementes-de-vente-et-les-demarches-a-effectuer\/embed\/#?secret=GS9wy5JDDw\" data-secret=\"GS9wy5JDDw\" width=\"600\" height=\"338\" frameborder=\"0\" marginwidth=\"0\" marginheight=\"0\" scrolling=\"no\"><\/iframe>\n<\/div><\/figure>\n","protected":false},"excerpt":{"rendered":"<p>Le M\u00e9diateur national de l&rsquo;\u00e9nergie (MNE) et la Commission de r\u00e9gulation d&rsquo;\u00e9nergie (CRE) se mobilisent, \u00e0 travers divers supports, pour vous expliquer la fin des tarifs r\u00e9glement\u00e9s.<\/p>\n","protected":false},"author":2,"featured_media":1302,"comment_status":"open","ping_status":"open","sticky":false,"template":"","format":"standard","meta":{"footnotes":""},"categories":[4],"tags":[],"_links":{"self":[{"href":"https:\/\/cdafal68.eu\/index.php\/wp-json\/wp\/v2\/posts\/1301"}],"collection":[{"href":"https:\/\/cdafal68.eu\/index.php\/wp-json\/wp\/v2\/posts"}],"about":[{"href":"https:\/\/cdafal68.eu\/index.php\/wp-json\/wp\/v2\/types\/post"}],"author":[{"embeddable":true,"href":"https:\/\/cdafal68.eu\/index.php\/wp-json\/wp\/v2\/users\/2"}],"replies":[{"embeddable":true,"href":"https:\/\/cdafal68.eu\/index.php\/wp-json\/wp\/v2\/comments?post=1301"}],"version-history":[{"count":1,"href":"https:\/\/cdafal68.eu\/index.php\/wp-json\/wp\/v2\/posts\/1301\/revisions"}],"predecessor-version":[{"id":1303,"href":"https:\/\/cdafal68.eu\/index.php\/wp-json\/wp\/v2\/posts\/1301\/revisions\/1303"}],"wp:featuredmedia":[{"embeddable":true,"href":"https:\/\/cdafal68.eu\/index.php\/wp-json\/wp\/v2\/media\/1302"}],"wp:attachment":[{"href":"https:\/\/cdafal68.eu\/index.php\/wp-json\/wp\/v2\/media?parent=1301"}],"wp:term":[{"taxonomy":"category","embeddable":true,"href":"https:\/\/cdafal68.eu\/index.php\/wp-json\/wp\/v2\/categories?post=1301"},{"taxonomy":"post_tag","embeddable":true,"href":"https:\/\/cdafal68.eu\/index.php\/wp-json\/wp\/v2\/tags?post=1301"}],"curies":[{"name":"wp","href":"https:\/\/api.w.org\/{rel}","templated":true}]}}