{"id":1273,"date":"2020-04-22T15:21:58","date_gmt":"2020-04-22T13:21:58","guid":{"rendered":"http:\/\/cdafal68.eu\/?p=1273"},"modified":"2020-04-22T15:21:58","modified_gmt":"2020-04-22T13:21:58","slug":"impots","status":"publish","type":"post","link":"https:\/\/cdafal68.eu\/index.php\/2020\/04\/22\/impots\/","title":{"rendered":"Imp\u00f4ts"},"content":{"rendered":"\n<p>Le calendrier de d\u00e9p\u00f4t de la d\u00e9claration de revenus a \u00e9t\u00e9 adapt\u00e9 pour cette ann\u00e9e. Le service de d\u00e9claration en ligne est ouvert \u00e0 compter du lundi 20 avril 2020 et jusqu\u2019aux dates limites \u00e9tablies par d\u00e9partement et par zone.<\/p>\n\n\n\n<p><a href=\"https:\/\/www.economie.gouv.fr\/particuliers\/impot-sur-revenu-calendrier?xtor=ES-39-[BIP_COVID-19_20200408]-20200408-[https:\/\/www.economie.gouv.fr\/particuliers\/impot-sur-revenu-calendrier]\">https:\/\/www.economie.gouv.fr\/particuliers\/impot-sur-revenu-calendrier?xtor=ES-39-[BIP_COVID-19_20200408]-20200408-[https:\/\/www.economie.gouv.fr\/particuliers\/impot-sur-revenu-calendrier]<\/a><\/p>\n","protected":false},"excerpt":{"rendered":"<p>Le calendrier de d\u00e9p\u00f4t de la d\u00e9claration de revenus a \u00e9t\u00e9 adapt\u00e9 pour cette ann\u00e9e. Le service de d\u00e9claration en ligne est ouvert \u00e0 compter du lundi 20 avril 2020 et jusqu\u2019aux dates limites \u00e9tablies par d\u00e9partement et par zone. https:\/\/www.economie.gouv.fr\/particuliers\/impot-sur-revenu-calendrier?xtor=ES-39-[BIP_COVID-19_20200408]-20200408-[https:\/\/www.economie.gouv.fr\/particuliers\/impot-sur-revenu-calendrier]<\/p>\n","protected":false},"author":2,"featured_media":1274,"comment_status":"open","ping_status":"open","sticky":false,"template":"","format":"standard","meta":{"footnotes":""},"categories":[4],"tags":[],"_links":{"self":[{"href":"https:\/\/cdafal68.eu\/index.php\/wp-json\/wp\/v2\/posts\/1273"}],"collection":[{"href":"https:\/\/cdafal68.eu\/index.php\/wp-json\/wp\/v2\/posts"}],"about":[{"href":"https:\/\/cdafal68.eu\/index.php\/wp-json\/wp\/v2\/types\/post"}],"author":[{"embeddable":true,"href":"https:\/\/cdafal68.eu\/index.php\/wp-json\/wp\/v2\/users\/2"}],"replies":[{"embeddable":true,"href":"https:\/\/cdafal68.eu\/index.php\/wp-json\/wp\/v2\/comments?post=1273"}],"version-history":[{"count":1,"href":"https:\/\/cdafal68.eu\/index.php\/wp-json\/wp\/v2\/posts\/1273\/revisions"}],"predecessor-version":[{"id":1275,"href":"https:\/\/cdafal68.eu\/index.php\/wp-json\/wp\/v2\/posts\/1273\/revisions\/1275"}],"wp:featuredmedia":[{"embeddable":true,"href":"https:\/\/cdafal68.eu\/index.php\/wp-json\/wp\/v2\/media\/1274"}],"wp:attachment":[{"href":"https:\/\/cdafal68.eu\/index.php\/wp-json\/wp\/v2\/media?parent=1273"}],"wp:term":[{"taxonomy":"category","embeddable":true,"href":"https:\/\/cdafal68.eu\/index.php\/wp-json\/wp\/v2\/categories?post=1273"},{"taxonomy":"post_tag","embeddable":true,"href":"https:\/\/cdafal68.eu\/index.php\/wp-json\/wp\/v2\/tags?post=1273"}],"curies":[{"name":"wp","href":"https:\/\/api.w.org\/{rel}","templated":true}]}}