{"id":2007,"date":"2021-09-21T14:57:53","date_gmt":"2021-09-21T12:57:53","guid":{"rendered":"http:\/\/cdafal68.eu\/?p=2007"},"modified":"2021-09-21T14:57:53","modified_gmt":"2021-09-21T12:57:53","slug":"formation-a-la-lecture-a-haute-voix-aupres-des-enfants","status":"publish","type":"post","link":"http:\/\/cdafal68.eu\/index.php\/2021\/09\/21\/formation-a-la-lecture-a-haute-voix-aupres-des-enfants\/","title":{"rendered":"Formation \u00e0 la Lecture \u00e0 haute-voix aupr\u00e8s des enfants"},"content":{"rendered":"\n<p>Les actions de Lecture \u00e0 haute-voix aupr\u00e8s des enfants ont fait leur chemin, dans la prise de conscience des adultes de l\u2019int\u00e9r\u00eat du livre, pour la qualit\u00e9 du lien parental dans le d\u00e9veloppement de l\u2019enfant.<\/p>\n\n\n\n<p>La lecture aux plus jeunes n\u00e9cessite d\u2019autres approches dans le soutien aux adultes concern\u00e9s (parents, professionnels de la petite enfance, b\u00e9n\u00e9voles associatifs) et donc un stage portant sur la connaissance et les pratiques de la lecture destin\u00e9e aux plus petits et\/ou en collectivit\u00e9.<\/p>\n\n\n\n<p>C\u2019est en effet \u00e0 travers les diff\u00e9rents r\u00e9cits que le petit enfant va pouvoir vivre ses premi\u00e8res exp\u00e9riences d\u2019\u00eatre intelligible.<\/p>\n\n\n\n<p>La formation est assur\u00e9e par <strong>Sylviane FABRE \u2013 <\/strong>EJE \u2013 Formatrice<\/p>\n","protected":false},"excerpt":{"rendered":"<p>Les actions de Lecture \u00e0 haute-voix aupr\u00e8s des enfants ont fait leur chemin, dans la prise de conscience des adultes de l\u2019int\u00e9r\u00eat du livre, pour la qualit\u00e9 du lien parental dans le d\u00e9veloppement de l\u2019enfant. La lecture aux plus jeunes n\u00e9cessite d\u2019autres approches dans le soutien aux adultes concern\u00e9s (parents, professionnels de la petite enfance, [&hellip;]<\/p>\n","protected":false},"author":2,"featured_media":2008,"comment_status":"open","ping_status":"open","sticky":false,"template":"","format":"standard","meta":{"footnotes":""},"categories":[9],"tags":[],"_links":{"self":[{"href":"http:\/\/cdafal68.eu\/index.php\/wp-json\/wp\/v2\/posts\/2007"}],"collection":[{"href":"http:\/\/cdafal68.eu\/index.php\/wp-json\/wp\/v2\/posts"}],"about":[{"href":"http:\/\/cdafal68.eu\/index.php\/wp-json\/wp\/v2\/types\/post"}],"author":[{"embeddable":true,"href":"http:\/\/cdafal68.eu\/index.php\/wp-json\/wp\/v2\/users\/2"}],"replies":[{"embeddable":true,"href":"http:\/\/cdafal68.eu\/index.php\/wp-json\/wp\/v2\/comments?post=2007"}],"version-history":[{"count":1,"href":"http:\/\/cdafal68.eu\/index.php\/wp-json\/wp\/v2\/posts\/2007\/revisions"}],"predecessor-version":[{"id":2009,"href":"http:\/\/cdafal68.eu\/index.php\/wp-json\/wp\/v2\/posts\/2007\/revisions\/2009"}],"wp:featuredmedia":[{"embeddable":true,"href":"http:\/\/cdafal68.eu\/index.php\/wp-json\/wp\/v2\/media\/2008"}],"wp:attachment":[{"href":"http:\/\/cdafal68.eu\/index.php\/wp-json\/wp\/v2\/media?parent=2007"}],"wp:term":[{"taxonomy":"category","embeddable":true,"href":"http:\/\/cdafal68.eu\/index.php\/wp-json\/wp\/v2\/categories?post=2007"},{"taxonomy":"post_tag","embeddable":true,"href":"http:\/\/cdafal68.eu\/index.php\/wp-json\/wp\/v2\/tags?post=2007"}],"curies":[{"name":"wp","href":"https:\/\/api.w.org\/{rel}","templated":true}]}}